{"id":2157,"date":"2022-10-10T15:12:36","date_gmt":"2022-10-10T13:12:36","guid":{"rendered":"https:\/\/marianamachuca.com\/?p=2157"},"modified":"2022-10-12T17:22:25","modified_gmt":"2022-10-12T15:22:25","slug":"el-genograma-nuestra-constelacion-familiar","status":"publish","type":"post","link":"https:\/\/marianamachuca.com\/it\/el-genograma-nuestra-constelacion-familiar\/","title":{"rendered":"El genograma: nuestra constelaci\u00f3n familiar"},"content":{"rendered":"<p style=\"font-weight: 400;\"><em>En el 2013 me encargaron de la revista digital Craerte, escribir un art\u00edculo sobre el trabajo personal que realizo con el \u00e1rbol geneal\u00f3gico en mis procesos terap\u00e9uticos y formativos.<\/em><\/p>\n<p style=\"font-weight: 400;\"><em>En este escrito encontraras mi concepci\u00f3n del \u201cgenograma como nuestra constelaci\u00f3n familiar\u201d y la importancia de lo que nos aporta la elaboraci\u00f3n consciente y respetuosa del mismo, para ir m\u00e1s all\u00e1 de un mero dise\u00f1o y recopilaci\u00f3n de datos. \u00a0<\/em><\/p>\n<p style=\"font-weight: 400;\"><em>Espero que la lectura te anime a realizar o revisar tu propio \u00e1rbol desde una perspectiva m\u00e1s amplia que te permita conocerte mejor a ti y a todo lo que ha tejido la totalidad de tu ser a trav\u00e9s de tu historia familiar. <\/em><\/p>\n<p style=\"font-weight: 400;\"><strong>El Genograma o \u00e1rbol geneal\u00f3gico: nuestra Constelaci\u00f3n Familiar<\/strong><\/p>\n<p style=\"font-weight: 400;\"><strong>\u00bfQu\u00e9 es el Genograma?<\/strong><\/p>\n<p style=\"font-weight: 400;\">El genograma, o \u00e1rbol geneal\u00f3gico, es una representaci\u00f3n gr\u00e1fica de una constelaci\u00f3n familiar multi-generacional que abarca por lo menos tres generaciones.<\/p>\n<p style=\"font-weight: 400;\">Este gr\u00e1fico, como si fuese el plano de un arquitecto, refleja el dise\u00f1o \u00fanico de cada estructura familiar registrando todos los <strong>miembros<\/strong> que la integran; la <strong>informaci\u00f3n<\/strong> m\u00e1s relevante sobre cada una de las personas y los sucesos nodales de la historia familiar; as\u00ed como tambi\u00e9n el tipo de <strong>relaci\u00f3n<\/strong> establecidas entre ellos.<\/p>\n<p style=\"font-weight: 400;\">Su dise\u00f1o en forma de \u00e1rbol proporciona una r\u00e1pida <strong>Gestalt<\/strong> (o imagen) de las complejas relaciones familiares, y es una rica fuente de hip\u00f3tesis sobre c\u00f3mo un problema puede estar relacionado con el contexto familiar y su evoluci\u00f3n a trav\u00e9s del tiempo.<\/p>\n<p style=\"font-weight: 400;\">Es, por lo tanto, una t\u00e9cnica diagn\u00f3stica muy importante en el mundo terap\u00e9utico, medico, social; y en definitiva, entre todos los profesionales que trabajen con personas desde una mirada sist\u00e9mica.<\/p>\n<p style=\"font-weight: 400;\">En cada sistema, todos los elementos que lo integran est\u00e1n interrelacionados a trav\u00e9s de particulares redes de conexi\u00f3n. En la familia, sus miembros est\u00e1n vinculados mas all\u00e1 de los lazos sangu\u00edneos, a trav\u00e9s un <strong>Alma Familiar<\/strong> (concepto desarrollado por Bert Hellinger, el creador de las Constelaciones Familiares); o tambi\u00e9n denominado por otros autores Inconsciente colectivo, familiar o grupal (conceptos m\u00e1s conocidos y utilizados por terapeutas como Jung y Moreno).<\/p>\n<p style=\"font-weight: 400;\"><em>El <strong>alma familiar<\/strong>, o campo sist\u00e9mico, hace referencia a la red de v\u00ednculos a la que pertenecemos, a la mente sist\u00e9mica que nos une y nos mueve; un espacio de sinton\u00eda y resonancia que nos conecta con todos los miembros de la familia. <\/em><\/p>\n<p style=\"font-weight: 400;\"><strong>\u00bfQu\u00e9 recogemos de nuestra familia?<\/strong><\/p>\n<p style=\"font-weight: 400;\">Al llegar cada nuevo integrante a una familia, se hace portador de una <strong>herencia<\/strong> subjetiva enraizada en las profundidades del alma. Esta herencia psico-social, es transmitida a trav\u00e9s del inconsciente colectivo, como la savia de los \u00e1rboles hasta la \u00faltima hoja, a cada integrante de la familia, de generaci\u00f3n en generaci\u00f3n.<\/p>\n<p style=\"font-weight: 400;\">Y cuando hablamos de herencia, no implica solamente la herencia de las dificultades familiares; como pueden ser: las heridas, p\u00e9rdidas, enfermedades, secretos, deudas, situaciones no resueltas, o patrones disfuncionales que se repiten en varias generaciones. Sino tambi\u00e9n, heredamos de nuestro sistema familiar, todos los <strong>recursos <\/strong>que hay en \u00e9l, tales como: los talentos, dones, virtudes, capacidades, experiencias, fortalezas, expansi\u00f3n, desarrollo; y el tesoro m\u00e1s valioso que heredamos de todo el linaje que nos antecede, la <strong>vida<\/strong>.<\/p>\n<p style=\"font-weight: 400;\">El reconocimiento de todos nuestros recursos en nuestro libro de cuentas es lo que nos permiten superar las dificultades y evolucionar abri\u00e9ndonos paso a la vida, como lo hicieron nuestros antepasados.<\/p>\n<p style=\"font-weight: 400;\">Si en el inventario de los recursos tengo poco o nada registrado, parad\u00f3jicamente, nuestra mochila se vuelve m\u00e1s pesada, y el camino de nuestra vida, m\u00e1s dif\u00edcil de transitar.<\/p>\n<p style=\"font-weight: 400;\">El genograma, al hacernos revisar nuestra historia familiar viajando por las diferentes generaciones, posibilita hacer un <strong>inventario<\/strong> exhaustivo de \u201ctodo\u201d lo que hemos heredado, incluyendo lo f\u00e1cil y lo dif\u00edcil, lo ligero y lo pesado, las luces y las sombras; todo lo cual forma parte de nuestro patrimonio.<\/p>\n<p style=\"font-weight: 400;\"><em>El crecimiento personal que podemos alcanzar a trav\u00e9s de la elaboraci\u00f3n del genograma consiste en ampliar nuestra conciencia sobre todo lo que pertenece a nuestro sistema, para que podamos respetar lo que no podamos cambiar y transformar aquello que est\u00e1 en nuestras manos. \u00a0<\/em><\/p>\n<p style=\"font-weight: 400;\"><em>\u00a0<\/em><\/p>\n<p style=\"font-weight: 400;\"><strong>\u00bfPara qu\u00e9 puede servirnos elaborar nuestro Genograma?<\/strong><\/p>\n<p style=\"font-weight: 400;\">El genograma es una herramienta terap\u00e9utica que enriquece el trabajo de crecimiento personal, ya que, al dise\u00f1ar nuestro \u00e1rbol geneal\u00f3gico, ampliamos nuestra mirada y alcanzamos nuevas comprensiones, proporcion\u00e1ndonos m\u00faltiples beneficios tales como:<\/p>\n<ul>\n<li style=\"font-weight: 400;\"><strong>Revisar<\/strong> el v\u00ednculo con nuestras ra\u00edces y nuestra historia a trav\u00e9s de una mirada transgeneracional, que va m\u00e1s all\u00e1 de nuestra familia de origen; para poder llenar las lagunas que podemos tener de nuestra historia. Como dice una de mis grandes maestras Marina Solsona, \u201cpara aprender la canci\u00f3n completa, y no solo el estribillo\u201d.<\/li>\n<li style=\"font-weight: 400;\"><strong>Ampliar<\/strong> el conocimiento de los sentimientos y vivencias de cada miembro, as\u00ed como los tipos de relaciones establecidas en el sistema; nos permite superar la visi\u00f3n sesgada de dividir los comportamientos en buenos (ideales) y malos (rechazados), lo cual endurece nuestras posiciones y genera exclusiones\/conflictos.<\/li>\n<li style=\"font-weight: 400;\"><strong>Tomar<\/strong> conciencia de las repeticiones que se producen en nuestro sistema a trav\u00e9s de las generaciones, para que, al identificarlas, podamos tomar la responsabilidad de hacer algo diferente, rompiendo los patrones disfuncionales y re-direccionando los siguientes pasos hacia el rumbo individual y familiar que anhelamos.<\/li>\n<li style=\"font-weight: 400;\"><strong>Aumentar<\/strong> nuestra capacidad de escoger lo que deseamos conservar, y modificar o soltar lo que no deseamos repetir; tomando decisiones que nos permiten mejorar nuestro presente y nuestro futuro, a favor del crecimiento y el desarrollo; movilizando nuestros recursos individuales y del entorno en pos del bienestar para un enriquecimiento y evoluci\u00f3n saludable. Lograr esta mayor autonom\u00eda, es lo que nos convierte en adultos responsables, y no en v\u00edctimas de nuestro destino.<\/li>\n<li style=\"font-weight: 400;\"><strong>Reformular<\/strong> la historia que nos contamos a nosotros mismos desde una mirada nueva y m\u00e1s amplia para poder reconciliarnos con nuestro pasado. Solo con curiosidad y sin prejuicio, podremos ver cosas nuevas.<\/li>\n<\/ul>\n<p>&nbsp;<\/p>\n<p style=\"font-weight: 400;\">El objetivo final de este trabajo terap\u00e9utico no consiste en rastrear problemas o buscar culpables, as\u00ed como tampoco, que sirva de argumento para justificar nuestras dificultades, o eximir de responsabilidades a quien le corresponda.<\/p>\n<p style=\"font-weight: 400;\"><em>La elaboraci\u00f3n de nuestro \u00e1rbol geneal\u00f3gico desde la mirada de las Constelaciones es una muestra de profundo respeto, afecto y aceptaci\u00f3n a nuestros or\u00edgenes, para que, desde all\u00ed, generemos el <strong>cambio.<\/strong><\/em><\/p>\n<p style=\"font-weight: 400;\"><strong><em>Mariana Machuca<\/em><\/strong><\/p>\n<p style=\"font-weight: 400;\"><strong><em>Psicologo <\/em><\/strong><\/p>\n<p style=\"font-weight: 400;\"><strong><em>\u00a0<\/em><\/strong><\/p>\n<p style=\"font-weight: 400;\"><strong><em>\u00a0<\/em><\/strong><\/p>\n<p style=\"font-weight: 400;\"><em>Puedes encontrar este articulo junto con otros temas de inter\u00e9s en la revista Crearte N\u00ba 6, p\u00e1ginas 26-28 :<\/em><\/p>\n<p><a href=\"https:\/\/marianamachuca.com\/wp-content\/uploads\/2022\/10\/Articulo-Crearte-Magazine-N6.pdf\" target=\"_blank\" rel=\"noopener\">Art\u00edculo &#8211; Crearte Magazine N6<\/a><\/p>\n<p style=\"font-weight: 400;\"><em>Tambi\u00e9n lo he compartido en el blog del centro Psi donde colaboro:<\/em><\/p>\n<p style=\"font-weight: 400;\"><em><a href=\"http:\/\/www.terapiapsi.com\/el-arbol-genealogico-o-genograma-una-imagen-que-ayuda\/\" target=\"_blank\" rel=\"noopener\">http:\/\/www.terapiapsi.com\/el-arbol-genealogico-o-genograma-una-imagen-que-ayuda\/<\/a><\/em><\/p>\n<p><i style=\"font-weight: 400;\">Y por supuesto, lo he puesto al servicio de los alumnos del M\u00e1ster de Constelaciones del Institut Gestalt como material te\u00f3rico del 1\u00ba nivel donde desarrollamos este trabajo de manera vivencial. M\u00e1s\u00a0<\/i><i>informaci\u00f3n<\/i><i style=\"font-weight: 400;\">\u00a0del M\u00e1ster:<\/i><\/p>\n<p style=\"font-weight: 400;\"><em><a href=\"https:\/\/www.institutgestalt.com\/cursos\/formaciones-constelaciones\/master-en-constelaciones-familiares\/\" target=\"_blank\" rel=\"noopener\">https:\/\/www.institutgestalt.com\/cursos\/formaciones-constelaciones\/master-en-constelaciones-familiares\/<\/a><\/em><\/p>\n<p style=\"font-weight: 400;\"><em>\u00a0<\/em><\/p>\n<p style=\"font-weight: 400;\">","protected":false},"excerpt":{"rendered":"<p>En este escrito encontraras mi concepci\u00f3n del \u201cgenograma como nuestra constelaci\u00f3n familiar\u201d y la importancia de lo que nos aporta la elaboraci\u00f3n consciente y respetuosa del mismo<\/p>","protected":false},"author":3,"featured_media":2153,"comment_status":"open","ping_status":"open","sticky":false,"template":"","format":"standard","meta":{"footnotes":""},"categories":[19],"tags":[],"class_list":["post-2157","post","type-post","status-publish","format-standard","has-post-thumbnail","hentry","category-general"],"yoast_head":"<!-- This site is optimized with the Yoast SEO plugin v27.0 - https:\/\/yoast.com\/product\/yoast-seo-wordpress\/ -->\n<title>El genograma: nuestra constelaci\u00f3n familiar<\/title>\n<meta name=\"description\" content=\"En este escrito encontraras mi concepci\u00f3n del \u201cgenograma como nuestra constelaci\u00f3n familiar\u201d y la importancia de lo que nos aporta la elaboraci\u00f3n consciente y respetuosa del mismo\" \/>\n<meta name=\"robots\" content=\"index, follow, max-snippet:-1, max-image-preview:large, max-video-preview:-1\" \/>\n<link rel=\"canonical\" href=\"https:\/\/marianamachuca.com\/it\/el-genograma-nuestra-constelacion-familiar\/\" \/>\n<meta property=\"og:locale\" content=\"it_IT\" \/>\n<meta property=\"og:type\" content=\"article\" \/>\n<meta property=\"og:title\" content=\"El genograma: nuestra constelaci\u00f3n familiar\" \/>\n<meta property=\"og:description\" content=\"En este escrito encontraras mi concepci\u00f3n del \u201cgenograma como nuestra constelaci\u00f3n familiar\u201d y la importancia de lo que nos aporta la elaboraci\u00f3n consciente y respetuosa del mismo\" \/>\n<meta property=\"og:url\" content=\"https:\/\/marianamachuca.com\/it\/el-genograma-nuestra-constelacion-familiar\/\" \/>\n<meta property=\"og:site_name\" content=\"Mariana Machuca\" \/>\n<meta property=\"article:publisher\" content=\"https:\/\/www.facebook.com\/mariana.machuca.5\" \/>\n<meta property=\"article:author\" content=\"https:\/\/www.facebook.com\/mariana.machuca.5\" \/>\n<meta property=\"article:published_time\" content=\"2022-10-10T13:12:36+00:00\" \/>\n<meta property=\"article:modified_time\" content=\"2022-10-12T15:22:25+00:00\" \/>\n<meta property=\"og:image\" content=\"https:\/\/marianamachuca.com\/wp-content\/uploads\/2022\/09\/arbol3.jpg\" \/>\n\t<meta property=\"og:image:width\" content=\"700\" \/>\n\t<meta property=\"og:image:height\" content=\"423\" \/>\n\t<meta property=\"og:image:type\" content=\"image\/jpeg\" \/>\n<meta name=\"author\" content=\"Mariana Machuca\" \/>\n<meta name=\"twitter:card\" content=\"summary_large_image\" \/>\n<meta name=\"twitter:label1\" content=\"Scritto da\" \/>\n\t<meta name=\"twitter:data1\" content=\"Mariana Machuca\" \/>\n\t<meta name=\"twitter:label2\" content=\"Tempo di lettura stimato\" \/>\n\t<meta name=\"twitter:data2\" content=\"5 minuti\" \/>\n<script type=\"application\/ld+json\" class=\"yoast-schema-graph\">{\"@context\":\"https:\/\/schema.org\",\"@graph\":[{\"@type\":\"Article\",\"@id\":\"https:\/\/marianamachuca.com\/el-genograma-nuestra-constelacion-familiar\/#article\",\"isPartOf\":{\"@id\":\"https:\/\/marianamachuca.com\/el-genograma-nuestra-constelacion-familiar\/\"},\"author\":{\"name\":\"Mariana Machuca\",\"@id\":\"https:\/\/marianamachuca.com\/#\/schema\/person\/9fd0f10170d365fb591bb585b4bf9d73\"},\"headline\":\"El genograma: nuestra constelaci\u00f3n familiar\",\"datePublished\":\"2022-10-10T13:12:36+00:00\",\"dateModified\":\"2022-10-12T15:22:25+00:00\",\"mainEntityOfPage\":{\"@id\":\"https:\/\/marianamachuca.com\/el-genograma-nuestra-constelacion-familiar\/\"},\"wordCount\":1198,\"commentCount\":0,\"publisher\":{\"@id\":\"https:\/\/marianamachuca.com\/#organization\"},\"image\":{\"@id\":\"https:\/\/marianamachuca.com\/el-genograma-nuestra-constelacion-familiar\/#primaryimage\"},\"thumbnailUrl\":\"https:\/\/marianamachuca.com\/wp-content\/uploads\/2022\/09\/arbol3.jpg\",\"articleSection\":[\"General\"],\"inLanguage\":\"it-IT\",\"potentialAction\":[{\"@type\":\"CommentAction\",\"name\":\"Comment\",\"target\":[\"https:\/\/marianamachuca.com\/el-genograma-nuestra-constelacion-familiar\/#respond\"]}]},{\"@type\":\"WebPage\",\"@id\":\"https:\/\/marianamachuca.com\/el-genograma-nuestra-constelacion-familiar\/\",\"url\":\"https:\/\/marianamachuca.com\/el-genograma-nuestra-constelacion-familiar\/\",\"name\":\"El genograma: nuestra constelaci\u00f3n familiar\",\"isPartOf\":{\"@id\":\"https:\/\/marianamachuca.com\/#website\"},\"primaryImageOfPage\":{\"@id\":\"https:\/\/marianamachuca.com\/el-genograma-nuestra-constelacion-familiar\/#primaryimage\"},\"image\":{\"@id\":\"https:\/\/marianamachuca.com\/el-genograma-nuestra-constelacion-familiar\/#primaryimage\"},\"thumbnailUrl\":\"https:\/\/marianamachuca.com\/wp-content\/uploads\/2022\/09\/arbol3.jpg\",\"datePublished\":\"2022-10-10T13:12:36+00:00\",\"dateModified\":\"2022-10-12T15:22:25+00:00\",\"description\":\"En este escrito encontraras mi concepci\u00f3n del \u201cgenograma como nuestra constelaci\u00f3n familiar\u201d y la importancia de lo que nos aporta la elaboraci\u00f3n consciente y respetuosa del mismo\",\"breadcrumb\":{\"@id\":\"https:\/\/marianamachuca.com\/el-genograma-nuestra-constelacion-familiar\/#breadcrumb\"},\"inLanguage\":\"it-IT\",\"potentialAction\":[{\"@type\":\"ReadAction\",\"target\":[\"https:\/\/marianamachuca.com\/el-genograma-nuestra-constelacion-familiar\/\"]}]},{\"@type\":\"ImageObject\",\"inLanguage\":\"it-IT\",\"@id\":\"https:\/\/marianamachuca.com\/el-genograma-nuestra-constelacion-familiar\/#primaryimage\",\"url\":\"https:\/\/marianamachuca.com\/wp-content\/uploads\/2022\/09\/arbol3.jpg\",\"contentUrl\":\"https:\/\/marianamachuca.com\/wp-content\/uploads\/2022\/09\/arbol3.jpg\",\"width\":700,\"height\":423},{\"@type\":\"BreadcrumbList\",\"@id\":\"https:\/\/marianamachuca.com\/el-genograma-nuestra-constelacion-familiar\/#breadcrumb\",\"itemListElement\":[{\"@type\":\"ListItem\",\"position\":1,\"name\":\"Portada\",\"item\":\"https:\/\/marianamachuca.com\/\"},{\"@type\":\"ListItem\",\"position\":2,\"name\":\"El genograma: nuestra constelaci\u00f3n familiar\"}]},{\"@type\":\"WebSite\",\"@id\":\"https:\/\/marianamachuca.com\/#website\",\"url\":\"https:\/\/marianamachuca.com\/\",\"name\":\"Mariana Machuca\",\"description\":\"Gestalt \u2013 Constelaciones \u2013 Eneagrama\",\"publisher\":{\"@id\":\"https:\/\/marianamachuca.com\/#organization\"},\"potentialAction\":[{\"@type\":\"SearchAction\",\"target\":{\"@type\":\"EntryPoint\",\"urlTemplate\":\"https:\/\/marianamachuca.com\/?s={search_term_string}\"},\"query-input\":{\"@type\":\"PropertyValueSpecification\",\"valueRequired\":true,\"valueName\":\"search_term_string\"}}],\"inLanguage\":\"it-IT\"},{\"@type\":\"Organization\",\"@id\":\"https:\/\/marianamachuca.com\/#organization\",\"name\":\"MARIANA MACHUCA\",\"url\":\"https:\/\/marianamachuca.com\/\",\"logo\":{\"@type\":\"ImageObject\",\"inLanguage\":\"it-IT\",\"@id\":\"https:\/\/marianamachuca.com\/#\/schema\/logo\/image\/\",\"url\":\"https:\/\/marianamachuca.com\/wp-content\/uploads\/2022\/09\/Mariana-machuca-1.jpg\",\"contentUrl\":\"https:\/\/marianamachuca.com\/wp-content\/uploads\/2022\/09\/Mariana-machuca-1.jpg\",\"width\":940,\"height\":788,\"caption\":\"MARIANA MACHUCA\"},\"image\":{\"@id\":\"https:\/\/marianamachuca.com\/#\/schema\/logo\/image\/\"},\"sameAs\":[\"https:\/\/www.facebook.com\/mariana.machuca.5\",\"https:\/\/www.instagram.com\/mariana_machuca_10\/\",\"https:\/\/www.linkedin.com\/in\/mariana-machuca\/\"]},{\"@type\":\"Person\",\"@id\":\"https:\/\/marianamachuca.com\/#\/schema\/person\/9fd0f10170d365fb591bb585b4bf9d73\",\"name\":\"Mariana Machuca\",\"image\":{\"@type\":\"ImageObject\",\"inLanguage\":\"it-IT\",\"@id\":\"https:\/\/marianamachuca.com\/#\/schema\/person\/image\/\",\"url\":\"https:\/\/marianamachuca.com\/wp-content\/uploads\/2022\/09\/Mariana-machuca-2-96x96.jpg\",\"contentUrl\":\"https:\/\/marianamachuca.com\/wp-content\/uploads\/2022\/09\/Mariana-machuca-2-96x96.jpg\",\"caption\":\"Mariana Machuca\"},\"description\":\"Psic\u00f3loga Sanitaria N\u00ba col. 16.738. Trabajo como Psicoterapeuta desde 2005. Imparto talleres de Gestalt, Constelaciones y Eneagrama en Espa\u00f1a, Italia, Argentina y Chile.\",\"sameAs\":[\"https:\/\/marianamachuca.com\/\",\"https:\/\/www.facebook.com\/mariana.machuca.5\",\"https:\/\/www.instagram.com\/mariana_machuca_10\/\"],\"url\":\"https:\/\/marianamachuca.com\/it\/author\/mariana-machuca\/\"}]}<\/script>\n<!-- \/ Yoast SEO plugin. -->","yoast_head_json":{"title":"El genograma: nuestra constelaci\u00f3n familiar","description":"En este escrito encontraras mi concepci\u00f3n del \u201cgenograma como nuestra constelaci\u00f3n familiar\u201d y la importancia de lo que nos aporta la elaboraci\u00f3n consciente y respetuosa del mismo","robots":{"index":"index","follow":"follow","max-snippet":"max-snippet:-1","max-image-preview":"max-image-preview:large","max-video-preview":"max-video-preview:-1"},"canonical":"https:\/\/marianamachuca.com\/it\/el-genograma-nuestra-constelacion-familiar\/","og_locale":"it_IT","og_type":"article","og_title":"El genograma: nuestra constelaci\u00f3n familiar","og_description":"En este escrito encontraras mi concepci\u00f3n del \u201cgenograma como nuestra constelaci\u00f3n familiar\u201d y la importancia de lo que nos aporta la elaboraci\u00f3n consciente y respetuosa del mismo","og_url":"https:\/\/marianamachuca.com\/it\/el-genograma-nuestra-constelacion-familiar\/","og_site_name":"Mariana Machuca","article_publisher":"https:\/\/www.facebook.com\/mariana.machuca.5","article_author":"https:\/\/www.facebook.com\/mariana.machuca.5","article_published_time":"2022-10-10T13:12:36+00:00","article_modified_time":"2022-10-12T15:22:25+00:00","og_image":[{"width":700,"height":423,"url":"https:\/\/marianamachuca.com\/wp-content\/uploads\/2022\/09\/arbol3.jpg","type":"image\/jpeg"}],"author":"Mariana Machuca","twitter_card":"summary_large_image","twitter_misc":{"Scritto da":"Mariana Machuca","Tempo di lettura stimato":"5 minuti"},"schema":{"@context":"https:\/\/schema.org","@graph":[{"@type":"Article","@id":"https:\/\/marianamachuca.com\/el-genograma-nuestra-constelacion-familiar\/#article","isPartOf":{"@id":"https:\/\/marianamachuca.com\/el-genograma-nuestra-constelacion-familiar\/"},"author":{"name":"Mariana Machuca","@id":"https:\/\/marianamachuca.com\/#\/schema\/person\/9fd0f10170d365fb591bb585b4bf9d73"},"headline":"El genograma: nuestra constelaci\u00f3n familiar","datePublished":"2022-10-10T13:12:36+00:00","dateModified":"2022-10-12T15:22:25+00:00","mainEntityOfPage":{"@id":"https:\/\/marianamachuca.com\/el-genograma-nuestra-constelacion-familiar\/"},"wordCount":1198,"commentCount":0,"publisher":{"@id":"https:\/\/marianamachuca.com\/#organization"},"image":{"@id":"https:\/\/marianamachuca.com\/el-genograma-nuestra-constelacion-familiar\/#primaryimage"},"thumbnailUrl":"https:\/\/marianamachuca.com\/wp-content\/uploads\/2022\/09\/arbol3.jpg","articleSection":["General"],"inLanguage":"it-IT","potentialAction":[{"@type":"CommentAction","name":"Comment","target":["https:\/\/marianamachuca.com\/el-genograma-nuestra-constelacion-familiar\/#respond"]}]},{"@type":"WebPage","@id":"https:\/\/marianamachuca.com\/el-genograma-nuestra-constelacion-familiar\/","url":"https:\/\/marianamachuca.com\/el-genograma-nuestra-constelacion-familiar\/","name":"El genograma: nuestra constelaci\u00f3n familiar","isPartOf":{"@id":"https:\/\/marianamachuca.com\/#website"},"primaryImageOfPage":{"@id":"https:\/\/marianamachuca.com\/el-genograma-nuestra-constelacion-familiar\/#primaryimage"},"image":{"@id":"https:\/\/marianamachuca.com\/el-genograma-nuestra-constelacion-familiar\/#primaryimage"},"thumbnailUrl":"https:\/\/marianamachuca.com\/wp-content\/uploads\/2022\/09\/arbol3.jpg","datePublished":"2022-10-10T13:12:36+00:00","dateModified":"2022-10-12T15:22:25+00:00","description":"En este escrito encontraras mi concepci\u00f3n del \u201cgenograma como nuestra constelaci\u00f3n familiar\u201d y la importancia de lo que nos aporta la elaboraci\u00f3n consciente y respetuosa del mismo","breadcrumb":{"@id":"https:\/\/marianamachuca.com\/el-genograma-nuestra-constelacion-familiar\/#breadcrumb"},"inLanguage":"it-IT","potentialAction":[{"@type":"ReadAction","target":["https:\/\/marianamachuca.com\/el-genograma-nuestra-constelacion-familiar\/"]}]},{"@type":"ImageObject","inLanguage":"it-IT","@id":"https:\/\/marianamachuca.com\/el-genograma-nuestra-constelacion-familiar\/#primaryimage","url":"https:\/\/marianamachuca.com\/wp-content\/uploads\/2022\/09\/arbol3.jpg","contentUrl":"https:\/\/marianamachuca.com\/wp-content\/uploads\/2022\/09\/arbol3.jpg","width":700,"height":423},{"@type":"BreadcrumbList","@id":"https:\/\/marianamachuca.com\/el-genograma-nuestra-constelacion-familiar\/#breadcrumb","itemListElement":[{"@type":"ListItem","position":1,"name":"Portada","item":"https:\/\/marianamachuca.com\/"},{"@type":"ListItem","position":2,"name":"El genograma: nuestra constelaci\u00f3n familiar"}]},{"@type":"WebSite","@id":"https:\/\/marianamachuca.com\/#website","url":"https:\/\/marianamachuca.com\/","name":"Mariana Machuca","description":"Gestalt \u2013 Constelaciones \u2013 Eneagrama","publisher":{"@id":"https:\/\/marianamachuca.com\/#organization"},"potentialAction":[{"@type":"SearchAction","target":{"@type":"EntryPoint","urlTemplate":"https:\/\/marianamachuca.com\/?s={search_term_string}"},"query-input":{"@type":"PropertyValueSpecification","valueRequired":true,"valueName":"search_term_string"}}],"inLanguage":"it-IT"},{"@type":"Organization","@id":"https:\/\/marianamachuca.com\/#organization","name":"MARIANA MACHUCA","url":"https:\/\/marianamachuca.com\/","logo":{"@type":"ImageObject","inLanguage":"it-IT","@id":"https:\/\/marianamachuca.com\/#\/schema\/logo\/image\/","url":"https:\/\/marianamachuca.com\/wp-content\/uploads\/2022\/09\/Mariana-machuca-1.jpg","contentUrl":"https:\/\/marianamachuca.com\/wp-content\/uploads\/2022\/09\/Mariana-machuca-1.jpg","width":940,"height":788,"caption":"MARIANA MACHUCA"},"image":{"@id":"https:\/\/marianamachuca.com\/#\/schema\/logo\/image\/"},"sameAs":["https:\/\/www.facebook.com\/mariana.machuca.5","https:\/\/www.instagram.com\/mariana_machuca_10\/","https:\/\/www.linkedin.com\/in\/mariana-machuca\/"]},{"@type":"Person","@id":"https:\/\/marianamachuca.com\/#\/schema\/person\/9fd0f10170d365fb591bb585b4bf9d73","name":"Mariana Machuca","image":{"@type":"ImageObject","inLanguage":"it-IT","@id":"https:\/\/marianamachuca.com\/#\/schema\/person\/image\/","url":"https:\/\/marianamachuca.com\/wp-content\/uploads\/2022\/09\/Mariana-machuca-2-96x96.jpg","contentUrl":"https:\/\/marianamachuca.com\/wp-content\/uploads\/2022\/09\/Mariana-machuca-2-96x96.jpg","caption":"Mariana Machuca"},"description":"Psic\u00f3loga Sanitaria N\u00ba col. 16.738. Trabajo como Psicoterapeuta desde 2005. Imparto talleres de Gestalt, Constelaciones y Eneagrama en Espa\u00f1a, Italia, Argentina y Chile.","sameAs":["https:\/\/marianamachuca.com\/","https:\/\/www.facebook.com\/mariana.machuca.5","https:\/\/www.instagram.com\/mariana_machuca_10\/"],"url":"https:\/\/marianamachuca.com\/it\/author\/mariana-machuca\/"}]}},"_links":{"self":[{"href":"https:\/\/marianamachuca.com\/it\/wp-json\/wp\/v2\/posts\/2157","targetHints":{"allow":["GET"]}}],"collection":[{"href":"https:\/\/marianamachuca.com\/it\/wp-json\/wp\/v2\/posts"}],"about":[{"href":"https:\/\/marianamachuca.com\/it\/wp-json\/wp\/v2\/types\/post"}],"author":[{"embeddable":true,"href":"https:\/\/marianamachuca.com\/it\/wp-json\/wp\/v2\/users\/3"}],"replies":[{"embeddable":true,"href":"https:\/\/marianamachuca.com\/it\/wp-json\/wp\/v2\/comments?post=2157"}],"version-history":[{"count":5,"href":"https:\/\/marianamachuca.com\/it\/wp-json\/wp\/v2\/posts\/2157\/revisions"}],"predecessor-version":[{"id":2230,"href":"https:\/\/marianamachuca.com\/it\/wp-json\/wp\/v2\/posts\/2157\/revisions\/2230"}],"wp:featuredmedia":[{"embeddable":true,"href":"https:\/\/marianamachuca.com\/it\/wp-json\/wp\/v2\/media\/2153"}],"wp:attachment":[{"href":"https:\/\/marianamachuca.com\/it\/wp-json\/wp\/v2\/media?parent=2157"}],"wp:term":[{"taxonomy":"category","embeddable":true,"href":"https:\/\/marianamachuca.com\/it\/wp-json\/wp\/v2\/categories?post=2157"},{"taxonomy":"post_tag","embeddable":true,"href":"https:\/\/marianamachuca.com\/it\/wp-json\/wp\/v2\/tags?post=2157"}],"curies":[{"name":"wp","href":"https:\/\/api.w.org\/{rel}","templated":true}]}}