{"id":2162,"date":"2022-10-10T15:21:20","date_gmt":"2022-10-10T13:21:20","guid":{"rendered":"https:\/\/marianamachuca.com\/?p=2162"},"modified":"2022-10-10T15:25:29","modified_gmt":"2022-10-10T13:25:29","slug":"como-hablar-con-los-hijos-cuando-los-padres-se-separan","status":"publish","type":"post","link":"https:\/\/marianamachuca.com\/it\/como-hablar-con-los-hijos-cuando-los-padres-se-separan\/","title":{"rendered":"C\u00f3mo hablar con los hijos (cuando los padres se separan)"},"content":{"rendered":"<p style=\"font-weight: 400;\"><em>En el 2010 solicitaron mi opini\u00f3n profesional en el peri\u00f3dico <strong>\u201cLa vos del interior\u201d<\/strong> de C\u00f3rdoba, (ARG) sobre el siguiente tema\u2026<\/em><\/p>\n<p style=\"font-weight: 400;\"><em>\u00a0<\/em><\/p>\n<p style=\"font-weight: 400;\"><strong><u>C\u00f3mo hablar con los hijos (cuando los padres se separan)<\/u><\/strong><\/p>\n<p style=\"font-weight: 400;\">A veces es mejor un buen divorcio, que una mala convivencia. Los ni\u00f1os est\u00e1n\u00a0bien si los padres est\u00e1n bien, y no sirve de nada tratarlos con \u201ccompasi\u00f3n sobreprotectora\u201d intentando evitarles a toda costa el dolor.<\/p>\n<p style=\"font-weight: 400;\">Cuando los padres se separan, la familia rota de los hijos tambi\u00e9n es la familia rota de los padres. Hay cosas que el divorcio no puede separar: si hay hijos en com\u00fan, se pone fin a la convivencia, pero no a la relaci\u00f3n. El matrimonio se separa como pareja, pero nunca dejar\u00e1n de ser padres, y si bien la relaci\u00f3n se termina, el v\u00ednculo permanece.<\/p>\n<p style=\"font-weight: 400;\">Puede que la mujer o el hombre con quien nos casamos ya no sea el m\u00e1s adecuado para nosotros, pero en alg\u00fan momento lo fue y lo sigue siendo para los hijos. Se necesita de una gran humildad para aceptarlo y poder decir a los hijos: \u201cTu madre es una buena mujer\u201d, o \u201cTu padre es un buen hombre y quiero que lo respetes como tal\u201d.<\/p>\n<p style=\"font-weight: 400;\">Cada miembro de la pareja necesita expresar sus sentimientos de dolor y frustraci\u00f3n ante la separaci\u00f3n. Lo importante es distinguir qu\u00e9 decir y a qui\u00e9nes. Cuando un hijo se convierte en confidente de uno de los padres, escuchando descalificaciones hacia el otro, se generan heridas insalvables.<\/p>\n<p style=\"font-weight: 400;\">El momento m\u00e1s dif\u00edcil de un divorcio es el de comunic\u00e1rselo a los hijos. En ese momento los padres deben unirse para decir s\u00f3lo lo necesario, dando lugar a las preguntas de los hijos, pero sin dar los \u201cporqu\u00e9\u201d (o detalles) de la separaci\u00f3n, ya que esto pertenece s\u00f3lo a la pareja. (Y es importante adaptar el lenguaje a la etapa de los hijos, no es lo mismo explicarlo a ni\u00f1os de 3 o 5 a\u00f1os, que a ni\u00f1os de 10 a\u00f1os o m\u00e1s adolescentes).<\/p>\n<p style=\"font-weight: 400;\">Es importante que los dos den el mismo mensaje, lo m\u00e1s claro y concreto posible, sin buscar responsables. Si alguno de los dos culpabiliza al otro de la ruptura, esto obliga a los hijos a colocarse de lado de quien m\u00e1s sufre o es abandonado, y en contra del otro.<\/p>\n<p style=\"font-weight: 400;\">A veces son los padres (m\u00e1s que los hijos), los que necesitan ayuda terap\u00e9utica. El secreto est\u00e1 en hacer un buen trabajo personal que ayude a aceptar la separaci\u00f3n y poder sostenerla con dignidad. A veces cuesta soltar al otro; no tanto por amor, sino por no querer rendirse ante lo que no pudo ser.<\/p>\n<p style=\"font-weight: 400;\">Los reci\u00e9n separados no deben escudarse en los hijos para hacer frente a esta situaci\u00f3n, ya que los menores aprenden a resolver los conflictos de la misma manera que lo hacen sus padres.<\/p>\n<p style=\"font-weight: 400;\">Por \u00faltimo, la tenencia de los ni\u00f1os suele ser otro motivo de conflicto. Siempre se aconseja que los ni\u00f1os vayan a vivir con aquel de los padres que respete m\u00e1s a su expareja.<\/p>\n<p style=\"font-weight: 400;\"><em>Si deseas leer el art\u00edculo completo sobre este tipo de situaciones familiares, secreto para mantener una larga relaci\u00f3n o m\u00e1s temas sobre el amor y la sexualidad; puedes descargar el articulo completo en el archivo adjunto:<\/em><\/p>\n<p style=\"font-weight: 400;\"><em>\u00a0<\/em><\/p>\n<p><a href=\"https:\/\/marianamachuca.com\/wp-content\/uploads\/2022\/10\/1.-LA-VOZ-DEL-INTERIOR-tapa.pdf\" target=\"_blank\" rel=\"noopener\">1. LA VOZ DEL INTERIOR tapa<\/a><\/p>\n<p><a href=\"https:\/\/marianamachuca.com\/wp-content\/uploads\/2022\/10\/2.-LA-VOZ-DEL-INTERIOR-articulo.pdf\" target=\"_blank\" rel=\"noopener\">2. LA VOZ DEL INTERIOR articulo<\/a><\/p>\n<p><a href=\"https:\/\/marianamachuca.com\/wp-content\/uploads\/2022\/10\/3.-LA-VOZ-DEL-INTERIOR-extra-.pdf\" target=\"_blank\" rel=\"noopener\">3. LA VOZ DEL INTERIOR extra<\/a><\/p>\n<p>&nbsp;<\/p>","protected":false},"excerpt":{"rendered":"<p>A veces es mejor un buen divorcio, que una mala convivencia. Los ni\u00f1os est\u00e1n\u00a0bien si los padres est\u00e1n bien, y no sirve de nada tratarlos con \u201ccompasi\u00f3n sobreprotectora\u201d intentando evitarles a toda costa el dolor.<\/p>","protected":false},"author":3,"featured_media":1734,"comment_status":"open","ping_status":"open","sticky":false,"template":"","format":"standard","meta":{"footnotes":""},"categories":[19],"tags":[],"class_list":["post-2162","post","type-post","status-publish","format-standard","has-post-thumbnail","hentry","category-general"],"yoast_head":"<!-- This site is optimized with the Yoast SEO plugin v27.0 - https:\/\/yoast.com\/product\/yoast-seo-wordpress\/ -->\n<title>C\u00f3mo hablar con los hijos (cuando los padres se separan)<\/title>\n<meta name=\"description\" content=\"A veces es mejor un buen divorcio, que una mala convivencia. Los ni\u00f1os est\u00e1n\u00a0bien si los padres est\u00e1n bien, y no sirve de nada tratarlos con \u201ccompasi\u00f3n sobreprotectora\u201d intentando evitarles a toda costa el dolor. | General\" \/>\n<meta name=\"robots\" content=\"index, follow, max-snippet:-1, max-image-preview:large, max-video-preview:-1\" \/>\n<link rel=\"canonical\" href=\"https:\/\/marianamachuca.com\/it\/como-hablar-con-los-hijos-cuando-los-padres-se-separan\/\" \/>\n<meta property=\"og:locale\" content=\"it_IT\" \/>\n<meta property=\"og:type\" content=\"article\" \/>\n<meta property=\"og:title\" content=\"C\u00f3mo hablar con los hijos (cuando los padres se separan)\" \/>\n<meta property=\"og:description\" content=\"A veces es mejor un buen divorcio, que una mala convivencia. Los ni\u00f1os est\u00e1n\u00a0bien si los padres est\u00e1n bien, y no sirve de nada tratarlos con \u201ccompasi\u00f3n sobreprotectora\u201d intentando evitarles a toda costa el dolor. | General\" \/>\n<meta property=\"og:url\" content=\"https:\/\/marianamachuca.com\/it\/como-hablar-con-los-hijos-cuando-los-padres-se-separan\/\" \/>\n<meta property=\"og:site_name\" content=\"Mariana Machuca\" \/>\n<meta property=\"article:publisher\" content=\"https:\/\/www.facebook.com\/mariana.machuca.5\" \/>\n<meta property=\"article:author\" content=\"https:\/\/www.facebook.com\/mariana.machuca.5\" \/>\n<meta property=\"article:published_time\" content=\"2022-10-10T13:21:20+00:00\" \/>\n<meta property=\"article:modified_time\" content=\"2022-10-10T13:25:29+00:00\" \/>\n<meta property=\"og:image\" content=\"https:\/\/marianamachuca.com\/wp-content\/uploads\/2022\/09\/White-tulip.jpg\" \/>\n\t<meta property=\"og:image:width\" content=\"1680\" \/>\n\t<meta property=\"og:image:height\" content=\"1050\" \/>\n\t<meta property=\"og:image:type\" content=\"image\/jpeg\" \/>\n<meta name=\"author\" content=\"Mariana Machuca\" \/>\n<meta name=\"twitter:card\" content=\"summary_large_image\" \/>\n<meta name=\"twitter:label1\" content=\"Scritto da\" \/>\n\t<meta name=\"twitter:data1\" content=\"Mariana Machuca\" \/>\n\t<meta name=\"twitter:label2\" content=\"Tempo di lettura stimato\" \/>\n\t<meta name=\"twitter:data2\" content=\"3 minuti\" \/>\n<script type=\"application\/ld+json\" class=\"yoast-schema-graph\">{\"@context\":\"https:\/\/schema.org\",\"@graph\":[{\"@type\":\"Article\",\"@id\":\"https:\/\/marianamachuca.com\/como-hablar-con-los-hijos-cuando-los-padres-se-separan\/#article\",\"isPartOf\":{\"@id\":\"https:\/\/marianamachuca.com\/como-hablar-con-los-hijos-cuando-los-padres-se-separan\/\"},\"author\":{\"name\":\"Mariana Machuca\",\"@id\":\"https:\/\/marianamachuca.com\/#\/schema\/person\/9fd0f10170d365fb591bb585b4bf9d73\"},\"headline\":\"C\u00f3mo hablar con los hijos (cuando los padres se separan)\",\"datePublished\":\"2022-10-10T13:21:20+00:00\",\"dateModified\":\"2022-10-10T13:25:29+00:00\",\"mainEntityOfPage\":{\"@id\":\"https:\/\/marianamachuca.com\/como-hablar-con-los-hijos-cuando-los-padres-se-separan\/\"},\"wordCount\":602,\"commentCount\":0,\"publisher\":{\"@id\":\"https:\/\/marianamachuca.com\/#organization\"},\"image\":{\"@id\":\"https:\/\/marianamachuca.com\/como-hablar-con-los-hijos-cuando-los-padres-se-separan\/#primaryimage\"},\"thumbnailUrl\":\"https:\/\/marianamachuca.com\/wp-content\/uploads\/2022\/09\/White-tulip.jpg\",\"articleSection\":[\"General\"],\"inLanguage\":\"it-IT\",\"potentialAction\":[{\"@type\":\"CommentAction\",\"name\":\"Comment\",\"target\":[\"https:\/\/marianamachuca.com\/como-hablar-con-los-hijos-cuando-los-padres-se-separan\/#respond\"]}]},{\"@type\":\"WebPage\",\"@id\":\"https:\/\/marianamachuca.com\/como-hablar-con-los-hijos-cuando-los-padres-se-separan\/\",\"url\":\"https:\/\/marianamachuca.com\/como-hablar-con-los-hijos-cuando-los-padres-se-separan\/\",\"name\":\"C\u00f3mo hablar con los hijos (cuando los padres se separan)\",\"isPartOf\":{\"@id\":\"https:\/\/marianamachuca.com\/#website\"},\"primaryImageOfPage\":{\"@id\":\"https:\/\/marianamachuca.com\/como-hablar-con-los-hijos-cuando-los-padres-se-separan\/#primaryimage\"},\"image\":{\"@id\":\"https:\/\/marianamachuca.com\/como-hablar-con-los-hijos-cuando-los-padres-se-separan\/#primaryimage\"},\"thumbnailUrl\":\"https:\/\/marianamachuca.com\/wp-content\/uploads\/2022\/09\/White-tulip.jpg\",\"datePublished\":\"2022-10-10T13:21:20+00:00\",\"dateModified\":\"2022-10-10T13:25:29+00:00\",\"description\":\"A veces es mejor un buen divorcio, que una mala convivencia. Los ni\u00f1os est\u00e1n\u00a0bien si los padres est\u00e1n bien, y no sirve de nada tratarlos con \u201ccompasi\u00f3n sobreprotectora\u201d intentando evitarles a toda costa el dolor. | General\",\"breadcrumb\":{\"@id\":\"https:\/\/marianamachuca.com\/como-hablar-con-los-hijos-cuando-los-padres-se-separan\/#breadcrumb\"},\"inLanguage\":\"it-IT\",\"potentialAction\":[{\"@type\":\"ReadAction\",\"target\":[\"https:\/\/marianamachuca.com\/como-hablar-con-los-hijos-cuando-los-padres-se-separan\/\"]}]},{\"@type\":\"ImageObject\",\"inLanguage\":\"it-IT\",\"@id\":\"https:\/\/marianamachuca.com\/como-hablar-con-los-hijos-cuando-los-padres-se-separan\/#primaryimage\",\"url\":\"https:\/\/marianamachuca.com\/wp-content\/uploads\/2022\/09\/White-tulip.jpg\",\"contentUrl\":\"https:\/\/marianamachuca.com\/wp-content\/uploads\/2022\/09\/White-tulip.jpg\",\"width\":1680,\"height\":1050},{\"@type\":\"BreadcrumbList\",\"@id\":\"https:\/\/marianamachuca.com\/como-hablar-con-los-hijos-cuando-los-padres-se-separan\/#breadcrumb\",\"itemListElement\":[{\"@type\":\"ListItem\",\"position\":1,\"name\":\"Portada\",\"item\":\"https:\/\/marianamachuca.com\/\"},{\"@type\":\"ListItem\",\"position\":2,\"name\":\"C\u00f3mo hablar con los hijos (cuando los padres se separan)\"}]},{\"@type\":\"WebSite\",\"@id\":\"https:\/\/marianamachuca.com\/#website\",\"url\":\"https:\/\/marianamachuca.com\/\",\"name\":\"Mariana Machuca\",\"description\":\"Gestalt \u2013 Constelaciones \u2013 Eneagrama\",\"publisher\":{\"@id\":\"https:\/\/marianamachuca.com\/#organization\"},\"potentialAction\":[{\"@type\":\"SearchAction\",\"target\":{\"@type\":\"EntryPoint\",\"urlTemplate\":\"https:\/\/marianamachuca.com\/?s={search_term_string}\"},\"query-input\":{\"@type\":\"PropertyValueSpecification\",\"valueRequired\":true,\"valueName\":\"search_term_string\"}}],\"inLanguage\":\"it-IT\"},{\"@type\":\"Organization\",\"@id\":\"https:\/\/marianamachuca.com\/#organization\",\"name\":\"MARIANA MACHUCA\",\"url\":\"https:\/\/marianamachuca.com\/\",\"logo\":{\"@type\":\"ImageObject\",\"inLanguage\":\"it-IT\",\"@id\":\"https:\/\/marianamachuca.com\/#\/schema\/logo\/image\/\",\"url\":\"https:\/\/marianamachuca.com\/wp-content\/uploads\/2022\/09\/Mariana-machuca-1.jpg\",\"contentUrl\":\"https:\/\/marianamachuca.com\/wp-content\/uploads\/2022\/09\/Mariana-machuca-1.jpg\",\"width\":940,\"height\":788,\"caption\":\"MARIANA MACHUCA\"},\"image\":{\"@id\":\"https:\/\/marianamachuca.com\/#\/schema\/logo\/image\/\"},\"sameAs\":[\"https:\/\/www.facebook.com\/mariana.machuca.5\",\"https:\/\/www.instagram.com\/mariana_machuca_10\/\",\"https:\/\/www.linkedin.com\/in\/mariana-machuca\/\"]},{\"@type\":\"Person\",\"@id\":\"https:\/\/marianamachuca.com\/#\/schema\/person\/9fd0f10170d365fb591bb585b4bf9d73\",\"name\":\"Mariana Machuca\",\"image\":{\"@type\":\"ImageObject\",\"inLanguage\":\"it-IT\",\"@id\":\"https:\/\/marianamachuca.com\/#\/schema\/person\/image\/\",\"url\":\"https:\/\/marianamachuca.com\/wp-content\/uploads\/2022\/09\/Mariana-machuca-2-96x96.jpg\",\"contentUrl\":\"https:\/\/marianamachuca.com\/wp-content\/uploads\/2022\/09\/Mariana-machuca-2-96x96.jpg\",\"caption\":\"Mariana Machuca\"},\"description\":\"Psic\u00f3loga Sanitaria N\u00ba col. 16.738. Trabajo como Psicoterapeuta desde 2005. Imparto talleres de Gestalt, Constelaciones y Eneagrama en Espa\u00f1a, Italia, Argentina y Chile.\",\"sameAs\":[\"https:\/\/marianamachuca.com\/\",\"https:\/\/www.facebook.com\/mariana.machuca.5\",\"https:\/\/www.instagram.com\/mariana_machuca_10\/\"],\"url\":\"https:\/\/marianamachuca.com\/it\/author\/mariana-machuca\/\"}]}<\/script>\n<!-- \/ Yoast SEO plugin. -->","yoast_head_json":{"title":"C\u00f3mo hablar con los hijos (cuando los padres se separan)","description":"A veces es mejor un buen divorcio, que una mala convivencia. Los ni\u00f1os est\u00e1n\u00a0bien si los padres est\u00e1n bien, y no sirve de nada tratarlos con \u201ccompasi\u00f3n sobreprotectora\u201d intentando evitarles a toda costa el dolor. | General","robots":{"index":"index","follow":"follow","max-snippet":"max-snippet:-1","max-image-preview":"max-image-preview:large","max-video-preview":"max-video-preview:-1"},"canonical":"https:\/\/marianamachuca.com\/it\/como-hablar-con-los-hijos-cuando-los-padres-se-separan\/","og_locale":"it_IT","og_type":"article","og_title":"C\u00f3mo hablar con los hijos (cuando los padres se separan)","og_description":"A veces es mejor un buen divorcio, que una mala convivencia. Los ni\u00f1os est\u00e1n\u00a0bien si los padres est\u00e1n bien, y no sirve de nada tratarlos con \u201ccompasi\u00f3n sobreprotectora\u201d intentando evitarles a toda costa el dolor. | General","og_url":"https:\/\/marianamachuca.com\/it\/como-hablar-con-los-hijos-cuando-los-padres-se-separan\/","og_site_name":"Mariana Machuca","article_publisher":"https:\/\/www.facebook.com\/mariana.machuca.5","article_author":"https:\/\/www.facebook.com\/mariana.machuca.5","article_published_time":"2022-10-10T13:21:20+00:00","article_modified_time":"2022-10-10T13:25:29+00:00","og_image":[{"width":1680,"height":1050,"url":"https:\/\/marianamachuca.com\/wp-content\/uploads\/2022\/09\/White-tulip.jpg","type":"image\/jpeg"}],"author":"Mariana Machuca","twitter_card":"summary_large_image","twitter_misc":{"Scritto da":"Mariana Machuca","Tempo di lettura stimato":"3 minuti"},"schema":{"@context":"https:\/\/schema.org","@graph":[{"@type":"Article","@id":"https:\/\/marianamachuca.com\/como-hablar-con-los-hijos-cuando-los-padres-se-separan\/#article","isPartOf":{"@id":"https:\/\/marianamachuca.com\/como-hablar-con-los-hijos-cuando-los-padres-se-separan\/"},"author":{"name":"Mariana Machuca","@id":"https:\/\/marianamachuca.com\/#\/schema\/person\/9fd0f10170d365fb591bb585b4bf9d73"},"headline":"C\u00f3mo hablar con los hijos (cuando los padres se separan)","datePublished":"2022-10-10T13:21:20+00:00","dateModified":"2022-10-10T13:25:29+00:00","mainEntityOfPage":{"@id":"https:\/\/marianamachuca.com\/como-hablar-con-los-hijos-cuando-los-padres-se-separan\/"},"wordCount":602,"commentCount":0,"publisher":{"@id":"https:\/\/marianamachuca.com\/#organization"},"image":{"@id":"https:\/\/marianamachuca.com\/como-hablar-con-los-hijos-cuando-los-padres-se-separan\/#primaryimage"},"thumbnailUrl":"https:\/\/marianamachuca.com\/wp-content\/uploads\/2022\/09\/White-tulip.jpg","articleSection":["General"],"inLanguage":"it-IT","potentialAction":[{"@type":"CommentAction","name":"Comment","target":["https:\/\/marianamachuca.com\/como-hablar-con-los-hijos-cuando-los-padres-se-separan\/#respond"]}]},{"@type":"WebPage","@id":"https:\/\/marianamachuca.com\/como-hablar-con-los-hijos-cuando-los-padres-se-separan\/","url":"https:\/\/marianamachuca.com\/como-hablar-con-los-hijos-cuando-los-padres-se-separan\/","name":"C\u00f3mo hablar con los hijos (cuando los padres se separan)","isPartOf":{"@id":"https:\/\/marianamachuca.com\/#website"},"primaryImageOfPage":{"@id":"https:\/\/marianamachuca.com\/como-hablar-con-los-hijos-cuando-los-padres-se-separan\/#primaryimage"},"image":{"@id":"https:\/\/marianamachuca.com\/como-hablar-con-los-hijos-cuando-los-padres-se-separan\/#primaryimage"},"thumbnailUrl":"https:\/\/marianamachuca.com\/wp-content\/uploads\/2022\/09\/White-tulip.jpg","datePublished":"2022-10-10T13:21:20+00:00","dateModified":"2022-10-10T13:25:29+00:00","description":"A veces es mejor un buen divorcio, que una mala convivencia. Los ni\u00f1os est\u00e1n\u00a0bien si los padres est\u00e1n bien, y no sirve de nada tratarlos con \u201ccompasi\u00f3n sobreprotectora\u201d intentando evitarles a toda costa el dolor. | General","breadcrumb":{"@id":"https:\/\/marianamachuca.com\/como-hablar-con-los-hijos-cuando-los-padres-se-separan\/#breadcrumb"},"inLanguage":"it-IT","potentialAction":[{"@type":"ReadAction","target":["https:\/\/marianamachuca.com\/como-hablar-con-los-hijos-cuando-los-padres-se-separan\/"]}]},{"@type":"ImageObject","inLanguage":"it-IT","@id":"https:\/\/marianamachuca.com\/como-hablar-con-los-hijos-cuando-los-padres-se-separan\/#primaryimage","url":"https:\/\/marianamachuca.com\/wp-content\/uploads\/2022\/09\/White-tulip.jpg","contentUrl":"https:\/\/marianamachuca.com\/wp-content\/uploads\/2022\/09\/White-tulip.jpg","width":1680,"height":1050},{"@type":"BreadcrumbList","@id":"https:\/\/marianamachuca.com\/como-hablar-con-los-hijos-cuando-los-padres-se-separan\/#breadcrumb","itemListElement":[{"@type":"ListItem","position":1,"name":"Portada","item":"https:\/\/marianamachuca.com\/"},{"@type":"ListItem","position":2,"name":"C\u00f3mo hablar con los hijos (cuando los padres se separan)"}]},{"@type":"WebSite","@id":"https:\/\/marianamachuca.com\/#website","url":"https:\/\/marianamachuca.com\/","name":"Mariana Machuca","description":"Gestalt \u2013 Constelaciones \u2013 Eneagrama","publisher":{"@id":"https:\/\/marianamachuca.com\/#organization"},"potentialAction":[{"@type":"SearchAction","target":{"@type":"EntryPoint","urlTemplate":"https:\/\/marianamachuca.com\/?s={search_term_string}"},"query-input":{"@type":"PropertyValueSpecification","valueRequired":true,"valueName":"search_term_string"}}],"inLanguage":"it-IT"},{"@type":"Organization","@id":"https:\/\/marianamachuca.com\/#organization","name":"MARIANA MACHUCA","url":"https:\/\/marianamachuca.com\/","logo":{"@type":"ImageObject","inLanguage":"it-IT","@id":"https:\/\/marianamachuca.com\/#\/schema\/logo\/image\/","url":"https:\/\/marianamachuca.com\/wp-content\/uploads\/2022\/09\/Mariana-machuca-1.jpg","contentUrl":"https:\/\/marianamachuca.com\/wp-content\/uploads\/2022\/09\/Mariana-machuca-1.jpg","width":940,"height":788,"caption":"MARIANA MACHUCA"},"image":{"@id":"https:\/\/marianamachuca.com\/#\/schema\/logo\/image\/"},"sameAs":["https:\/\/www.facebook.com\/mariana.machuca.5","https:\/\/www.instagram.com\/mariana_machuca_10\/","https:\/\/www.linkedin.com\/in\/mariana-machuca\/"]},{"@type":"Person","@id":"https:\/\/marianamachuca.com\/#\/schema\/person\/9fd0f10170d365fb591bb585b4bf9d73","name":"Mariana Machuca","image":{"@type":"ImageObject","inLanguage":"it-IT","@id":"https:\/\/marianamachuca.com\/#\/schema\/person\/image\/","url":"https:\/\/marianamachuca.com\/wp-content\/uploads\/2022\/09\/Mariana-machuca-2-96x96.jpg","contentUrl":"https:\/\/marianamachuca.com\/wp-content\/uploads\/2022\/09\/Mariana-machuca-2-96x96.jpg","caption":"Mariana Machuca"},"description":"Psic\u00f3loga Sanitaria N\u00ba col. 16.738. Trabajo como Psicoterapeuta desde 2005. Imparto talleres de Gestalt, Constelaciones y Eneagrama en Espa\u00f1a, Italia, Argentina y Chile.","sameAs":["https:\/\/marianamachuca.com\/","https:\/\/www.facebook.com\/mariana.machuca.5","https:\/\/www.instagram.com\/mariana_machuca_10\/"],"url":"https:\/\/marianamachuca.com\/it\/author\/mariana-machuca\/"}]}},"_links":{"self":[{"href":"https:\/\/marianamachuca.com\/it\/wp-json\/wp\/v2\/posts\/2162","targetHints":{"allow":["GET"]}}],"collection":[{"href":"https:\/\/marianamachuca.com\/it\/wp-json\/wp\/v2\/posts"}],"about":[{"href":"https:\/\/marianamachuca.com\/it\/wp-json\/wp\/v2\/types\/post"}],"author":[{"embeddable":true,"href":"https:\/\/marianamachuca.com\/it\/wp-json\/wp\/v2\/users\/3"}],"replies":[{"embeddable":true,"href":"https:\/\/marianamachuca.com\/it\/wp-json\/wp\/v2\/comments?post=2162"}],"version-history":[{"count":0,"href":"https:\/\/marianamachuca.com\/it\/wp-json\/wp\/v2\/posts\/2162\/revisions"}],"wp:featuredmedia":[{"embeddable":true,"href":"https:\/\/marianamachuca.com\/it\/wp-json\/wp\/v2\/media\/1734"}],"wp:attachment":[{"href":"https:\/\/marianamachuca.com\/it\/wp-json\/wp\/v2\/media?parent=2162"}],"wp:term":[{"taxonomy":"category","embeddable":true,"href":"https:\/\/marianamachuca.com\/it\/wp-json\/wp\/v2\/categories?post=2162"},{"taxonomy":"post_tag","embeddable":true,"href":"https:\/\/marianamachuca.com\/it\/wp-json\/wp\/v2\/tags?post=2162"}],"curies":[{"name":"wp","href":"https:\/\/api.w.org\/{rel}","templated":true}]}}