{"id":2397,"date":"2023-03-14T16:11:09","date_gmt":"2023-03-14T15:11:09","guid":{"rendered":"https:\/\/marianamachuca.com\/?p=2397"},"modified":"2026-04-15T12:35:59","modified_gmt":"2026-04-15T10:35:59","slug":"sanar-la-relacion-con-nuestros-padres-nos-hace-libres","status":"publish","type":"post","link":"https:\/\/marianamachuca.com\/it\/sanar-la-relacion-con-nuestros-padres-nos-hace-libres\/","title":{"rendered":"Guarire il rapporto con i nostri genitori ci rende liberi"},"content":{"rendered":"<figure class=\"wp-block-image size-medium\"><img fetchpriority=\"high\" decoding=\"async\" width=\"429\" height=\"600\" class=\"wp-image-1264\" src=\"https:\/\/marianamachuca.com\/wp-content\/uploads\/2022\/09\/Conocete-aqui-y-ahora-PORTADA-429x600.jpg\" alt=\"\" srcset=\"https:\/\/marianamachuca.com\/wp-content\/uploads\/2022\/09\/Conocete-aqui-y-ahora-PORTADA-429x600.jpg 429w, https:\/\/marianamachuca.com\/wp-content\/uploads\/2022\/09\/Conocete-aqui-y-ahora-PORTADA-772x1080.jpg 772w, https:\/\/marianamachuca.com\/wp-content\/uploads\/2022\/09\/Conocete-aqui-y-ahora-PORTADA-768x1075.jpg 768w, https:\/\/marianamachuca.com\/wp-content\/uploads\/2022\/09\/Conocete-aqui-y-ahora-PORTADA-1098x1536.jpg 1098w, https:\/\/marianamachuca.com\/wp-content\/uploads\/2022\/09\/Conocete-aqui-y-ahora-PORTADA.jpg 1372w\" sizes=\"(max-width: 429px) 100vw, 429px\" \/><\/figure>\r\n\r\n\r\n\r\n<p>&nbsp;<\/p>\r\n\r\n\r\n\r\n<p>En este art\u00edculo quiero compartir c\u00f3mo surgi\u00f3 la idea de escribir este libro, cual es mi aportaci\u00f3n en el Cap\u00edtulo 7 titulado\u00a0<strong><em>\u201cSanar la relaci\u00f3n con nuestros padres nos hace libres\u201d<\/em><\/strong>, y especialmente agradecer y dedicar esta capitulo a<em>\u00a0mis padres<\/em>, ya que sin ellos no ser\u00eda quien soy, y habiendo atravesado las luces y las sombras de toda relaci\u00f3n humana, me permitieron desarrollar el potencial que traje para ofrecer a este mundo.\u00a0<\/p>\r\n\r\n\r\n\r\n<p>El libro \u201cCon\u00f3cete aqu\u00ed y ahora\u201d (Ed. Carena) se gest\u00f3 durante varios a\u00f1os entre un grupo de colegas con quienes compartimos vocaci\u00f3n y amistad, sali\u00f3 a la luz el 19 de septiembre de 2022 y nace del deseo de hacer accesible a todas las personas que deseen conocerse m\u00e1s,\u00a0<strong>reflexiones y ejercicios pr\u00e1cticos<\/strong>\u00a0sobre aquellos asuntos que nos visitan en alg\u00fan momento de la vida donde necesitamos poner luz.\u00a0<br \/>Las emociones, los l\u00edmites, la ansiedad o la depresi\u00f3n, el trabajo, la relaci\u00f3n con la pareja o el v\u00ednculo entre padres e hijos son algunos de los temas m\u00e1s consultados en terapia.\u00a0<br \/>Temas actuales y de siempre, que pueden presentarse en diferentes momentos de las etapas evolutivas. Por este motivo concibo al libro como un manual de consulta seg\u00fan el momento y la necesidad.<\/p>\r\n\r\n\r\n\r\n<p><br \/>Mi aportaci\u00f3n en este libro es ofrecer una mirada sist\u00e9mica sobre la relaci\u00f3n entre padres e hijos, que nos permita pasar de focalizarnos tanto en el \u201cYO\u00bb para ampliar la mirada hacia un \u201cNOSOTROS\u00bb, y que nos permita integrar y trascender las heridas con nuestros padres.\u00a0<br \/><strong>Todos somos hijos<\/strong> y en esta relaci\u00f3n primaria aprendemos las cosas m\u00e1s importantes: a amar, a defendernos ante las heridas, a construir nuestro car\u00e1cter desde el cual nos relacionaremos con el mundo, a ser leales al sistema familiar, y a partir que ganar madurez y conciencia, tambi\u00e9n podemos aprender a relacionarnos desde un lugar m\u00e1s saludable con el pasado, el presente y el futuro.<\/p>\r\n\r\n\r\n\r\n<p>Adem\u00e1s, dedico un apartado para revisar como cambia nuestra relaci\u00f3n con los padres cuando se hacen mayores.\u00a0<\/p>\r\n\r\n\r\n\r\n<p>En las diferentes tem\u00e1ticas que abordo aporto ejercicios pr\u00e1cticos que utilizo en terapia y que puede hacer tambi\u00e9n el lector integrando diferentes herramientas que trabajan con lo imaginario, lo emocional y lo corporal.\u00a0<\/p>\r\n\r\n\r\n\r\n<p>Una lectura que nos invita a iniciar un viaje de autoconocimiento en busca de una transformaci\u00f3n.<br \/><br \/>Si estas interesado en profundizar m\u00e1s sobre la relaci\u00f3n entre padres e hijos, puedes solicitar que te env\u00ede mi cap\u00edtulo:\u00a0<strong><em>\u201cSanar la relaci\u00f3n con nuestros padres nos hace libres\u201d,\u00a0<\/em><\/strong>para lo cual es necesario que me escribas y dejes tus datos en el formulario adjunto as\u00ed lo podr\u00e1s recibir por mail:\u00a0<a href=\"https:\/\/marianamachuca.com\/it\/contacto\/\">https:\/\/marianamachuca.com\/contacto\/<\/a><\/p>\r\n\r\n\r\n\r\n<p>Y como no solo somos hijos, sino que la vida nos invita a transitar diferentes roles y pruebas en el camino, los animo a adquirir nuestro libro completo para abordar todo el abanico de tem\u00e1ticas con las cuales nos podemos encontrar en diferentes momentos de la vida.\u00a0<\/p>\r\n\r\n\r\n\r\n<p>Puedes conseguirlo en FORMATO F\u00cdSICO O DIGITAL en:\u00a0<\/p>\r\n\r\n\r\n\r\n<p>&#8211;\u00a0<a href=\"https:\/\/edicionescarena.com\/producto\/conocete-aqui-y-ahora\/\" target=\"_blank\" rel=\"noreferrer noopener\">Ediciones<\/a><a href=\"https:\/\/edicionescarena.com\/producto\/conocete-aqui-y-ahora\/\"> Carena<\/a><\/p>\r\n\r\n\r\n\r\n<p>&#8211; <a href=\"https:\/\/www.casadellibro.com\/libro-conocete-aqui-y-ahora\/9788419136299\/13219135\" target=\"_blank\" rel=\"noreferrer noopener\">Casa del libro<\/a><\/p>\r\n\r\n\r\n\r\n<p>&#8211; <a href=\"https:\/\/www.fnac.es\/a9481205\/Africa-Fuentes-Soria-Conocete-aqui-y-ahora\" target=\"_blank\" rel=\"noreferrer noopener\">Fnac<\/a><\/p>\r\n\r\n\r\n\r\n<p>&#8211; <a href=\"https:\/\/www.amazon.es\/Con\u00f3cete-aqu%C3%AD-ahora-682-AUTOAYUDA\/dp\/8419136298\/ref=asc_df_8419136298\/?tag=googshopes-21&amp;linkCode=df0&amp;hvadid=593186932075&amp;hvpos=&amp;hvnetw=g&amp;hvrand=825734004134776480&amp;hvpone=&amp;hvptwo=&amp;hvqmt=&amp;hvdev=c&amp;hvdvcmdl=&amp;hvlocint=&amp;hvlocphy=1005424&amp;hvtargid=pla-1722777828610&amp;psc=1#customerReviews\" target=\"_blank\" rel=\"noreferrer noopener\">Amazon<\/a><\/p>\r\n\r\n\r\n\r\n<p>&nbsp;<\/p>\r\n\r\n\r\n\r\n<p>&nbsp;<\/p>","protected":false},"excerpt":{"rendered":"<p>Mi aportaci\u00f3n en el cap\u00edtulo 7 del libro \u201cCON\u00d3CETE AQU\u00cd Y AHORA\u201d<\/p>","protected":false},"author":3,"featured_media":2221,"comment_status":"closed","ping_status":"closed","sticky":false,"template":"","format":"standard","meta":{"footnotes":""},"categories":[19],"tags":[],"class_list":["post-2397","post","type-post","status-publish","format-standard","has-post-thumbnail","hentry","category-general"],"yoast_head":"<!-- This site is optimized with the Yoast SEO plugin v27.0 - https:\/\/yoast.com\/product\/yoast-seo-wordpress\/ -->\n<title>Sanar la relaci\u00f3n con nuestros padres nos hace libres<\/title>\n<meta name=\"description\" content=\"Mi aportaci\u00f3n en el cap\u00edtulo 7 del libro \u201cCON\u00d3CETE AQU\u00cd Y AHORA\u201d | General\" \/>\n<meta name=\"robots\" content=\"index, follow, max-snippet:-1, max-image-preview:large, max-video-preview:-1\" \/>\n<link rel=\"canonical\" href=\"https:\/\/marianamachuca.com\/it\/sanar-la-relacion-con-nuestros-padres-nos-hace-libres\/\" \/>\n<meta property=\"og:locale\" content=\"it_IT\" \/>\n<meta property=\"og:type\" content=\"article\" \/>\n<meta property=\"og:title\" content=\"Sanar la relaci\u00f3n con nuestros padres nos hace libres\" \/>\n<meta property=\"og:description\" content=\"Mi aportaci\u00f3n en el cap\u00edtulo 7 del libro \u201cCON\u00d3CETE AQU\u00cd Y AHORA\u201d | General\" \/>\n<meta property=\"og:url\" content=\"https:\/\/marianamachuca.com\/it\/sanar-la-relacion-con-nuestros-padres-nos-hace-libres\/\" \/>\n<meta property=\"og:site_name\" content=\"Mariana Machuca\" \/>\n<meta property=\"article:publisher\" content=\"https:\/\/www.facebook.com\/mariana.machuca.5\" \/>\n<meta property=\"article:author\" content=\"https:\/\/www.facebook.com\/mariana.machuca.5\" \/>\n<meta property=\"article:published_time\" content=\"2023-03-14T15:11:09+00:00\" \/>\n<meta property=\"article:modified_time\" content=\"2026-04-15T10:35:59+00:00\" \/>\n<meta property=\"og:image\" content=\"https:\/\/marianamachuca.com\/wp-content\/uploads\/2022\/10\/Conocete-aqui-y-ahora-3D.png\" \/>\n\t<meta property=\"og:image:width\" content=\"2560\" \/>\n\t<meta property=\"og:image:height\" content=\"1707\" \/>\n\t<meta property=\"og:image:type\" content=\"image\/png\" \/>\n<meta name=\"author\" content=\"Mariana Machuca\" \/>\n<meta name=\"twitter:card\" content=\"summary_large_image\" \/>\n<meta name=\"twitter:label1\" content=\"Scritto da\" \/>\n\t<meta name=\"twitter:data1\" content=\"Mariana Machuca\" \/>\n\t<meta name=\"twitter:label2\" content=\"Tempo di lettura stimato\" \/>\n\t<meta name=\"twitter:data2\" content=\"3 minuti\" \/>\n<script type=\"application\/ld+json\" class=\"yoast-schema-graph\">{\"@context\":\"https:\/\/schema.org\",\"@graph\":[{\"@type\":\"Article\",\"@id\":\"https:\/\/marianamachuca.com\/sanar-la-relacion-con-nuestros-padres-nos-hace-libres\/#article\",\"isPartOf\":{\"@id\":\"https:\/\/marianamachuca.com\/sanar-la-relacion-con-nuestros-padres-nos-hace-libres\/\"},\"author\":{\"name\":\"Mariana Machuca\",\"@id\":\"https:\/\/marianamachuca.com\/#\/schema\/person\/9fd0f10170d365fb591bb585b4bf9d73\"},\"headline\":\"Sanar la relaci\u00f3n con nuestros padres nos hace libres\",\"datePublished\":\"2023-03-14T15:11:09+00:00\",\"dateModified\":\"2026-04-15T10:35:59+00:00\",\"mainEntityOfPage\":{\"@id\":\"https:\/\/marianamachuca.com\/sanar-la-relacion-con-nuestros-padres-nos-hace-libres\/\"},\"wordCount\":554,\"publisher\":{\"@id\":\"https:\/\/marianamachuca.com\/#organization\"},\"image\":{\"@id\":\"https:\/\/marianamachuca.com\/sanar-la-relacion-con-nuestros-padres-nos-hace-libres\/#primaryimage\"},\"thumbnailUrl\":\"https:\/\/marianamachuca.com\/wp-content\/uploads\/2022\/10\/Conocete-aqui-y-ahora-3D.png\",\"articleSection\":[\"General\"],\"inLanguage\":\"it-IT\"},{\"@type\":\"WebPage\",\"@id\":\"https:\/\/marianamachuca.com\/sanar-la-relacion-con-nuestros-padres-nos-hace-libres\/\",\"url\":\"https:\/\/marianamachuca.com\/sanar-la-relacion-con-nuestros-padres-nos-hace-libres\/\",\"name\":\"Sanar la relaci\u00f3n con nuestros padres nos hace libres\",\"isPartOf\":{\"@id\":\"https:\/\/marianamachuca.com\/#website\"},\"primaryImageOfPage\":{\"@id\":\"https:\/\/marianamachuca.com\/sanar-la-relacion-con-nuestros-padres-nos-hace-libres\/#primaryimage\"},\"image\":{\"@id\":\"https:\/\/marianamachuca.com\/sanar-la-relacion-con-nuestros-padres-nos-hace-libres\/#primaryimage\"},\"thumbnailUrl\":\"https:\/\/marianamachuca.com\/wp-content\/uploads\/2022\/10\/Conocete-aqui-y-ahora-3D.png\",\"datePublished\":\"2023-03-14T15:11:09+00:00\",\"dateModified\":\"2026-04-15T10:35:59+00:00\",\"description\":\"Mi aportaci\u00f3n en el cap\u00edtulo 7 del libro \u201cCON\u00d3CETE AQU\u00cd Y AHORA\u201d | General\",\"breadcrumb\":{\"@id\":\"https:\/\/marianamachuca.com\/sanar-la-relacion-con-nuestros-padres-nos-hace-libres\/#breadcrumb\"},\"inLanguage\":\"it-IT\",\"potentialAction\":[{\"@type\":\"ReadAction\",\"target\":[\"https:\/\/marianamachuca.com\/sanar-la-relacion-con-nuestros-padres-nos-hace-libres\/\"]}]},{\"@type\":\"ImageObject\",\"inLanguage\":\"it-IT\",\"@id\":\"https:\/\/marianamachuca.com\/sanar-la-relacion-con-nuestros-padres-nos-hace-libres\/#primaryimage\",\"url\":\"https:\/\/marianamachuca.com\/wp-content\/uploads\/2022\/10\/Conocete-aqui-y-ahora-3D.png\",\"contentUrl\":\"https:\/\/marianamachuca.com\/wp-content\/uploads\/2022\/10\/Conocete-aqui-y-ahora-3D.png\",\"width\":2560,\"height\":1707},{\"@type\":\"BreadcrumbList\",\"@id\":\"https:\/\/marianamachuca.com\/sanar-la-relacion-con-nuestros-padres-nos-hace-libres\/#breadcrumb\",\"itemListElement\":[{\"@type\":\"ListItem\",\"position\":1,\"name\":\"Portada\",\"item\":\"https:\/\/marianamachuca.com\/\"},{\"@type\":\"ListItem\",\"position\":2,\"name\":\"Sanar la relaci\u00f3n con nuestros padres nos hace libres\"}]},{\"@type\":\"WebSite\",\"@id\":\"https:\/\/marianamachuca.com\/#website\",\"url\":\"https:\/\/marianamachuca.com\/\",\"name\":\"Mariana Machuca\",\"description\":\"Gestalt \u2013 Constelaciones \u2013 Eneagrama\",\"publisher\":{\"@id\":\"https:\/\/marianamachuca.com\/#organization\"},\"potentialAction\":[{\"@type\":\"SearchAction\",\"target\":{\"@type\":\"EntryPoint\",\"urlTemplate\":\"https:\/\/marianamachuca.com\/?s={search_term_string}\"},\"query-input\":{\"@type\":\"PropertyValueSpecification\",\"valueRequired\":true,\"valueName\":\"search_term_string\"}}],\"inLanguage\":\"it-IT\"},{\"@type\":\"Organization\",\"@id\":\"https:\/\/marianamachuca.com\/#organization\",\"name\":\"MARIANA MACHUCA\",\"url\":\"https:\/\/marianamachuca.com\/\",\"logo\":{\"@type\":\"ImageObject\",\"inLanguage\":\"it-IT\",\"@id\":\"https:\/\/marianamachuca.com\/#\/schema\/logo\/image\/\",\"url\":\"https:\/\/marianamachuca.com\/wp-content\/uploads\/2022\/09\/Mariana-machuca-1.jpg\",\"contentUrl\":\"https:\/\/marianamachuca.com\/wp-content\/uploads\/2022\/09\/Mariana-machuca-1.jpg\",\"width\":940,\"height\":788,\"caption\":\"MARIANA MACHUCA\"},\"image\":{\"@id\":\"https:\/\/marianamachuca.com\/#\/schema\/logo\/image\/\"},\"sameAs\":[\"https:\/\/www.facebook.com\/mariana.machuca.5\",\"https:\/\/www.instagram.com\/mariana_machuca_10\/\",\"https:\/\/www.linkedin.com\/in\/mariana-machuca\/\"]},{\"@type\":\"Person\",\"@id\":\"https:\/\/marianamachuca.com\/#\/schema\/person\/9fd0f10170d365fb591bb585b4bf9d73\",\"name\":\"Mariana Machuca\",\"image\":{\"@type\":\"ImageObject\",\"inLanguage\":\"it-IT\",\"@id\":\"https:\/\/marianamachuca.com\/#\/schema\/person\/image\/\",\"url\":\"https:\/\/marianamachuca.com\/wp-content\/uploads\/2022\/09\/Mariana-machuca-2-96x96.jpg\",\"contentUrl\":\"https:\/\/marianamachuca.com\/wp-content\/uploads\/2022\/09\/Mariana-machuca-2-96x96.jpg\",\"caption\":\"Mariana Machuca\"},\"description\":\"Psic\u00f3loga Sanitaria N\u00ba col. 16.738. Trabajo como Psicoterapeuta desde 2005. Imparto talleres de Gestalt, Constelaciones y Eneagrama en Espa\u00f1a, Italia, Argentina y Chile.\",\"sameAs\":[\"https:\/\/marianamachuca.com\/\",\"https:\/\/www.facebook.com\/mariana.machuca.5\",\"https:\/\/www.instagram.com\/mariana_machuca_10\/\"],\"url\":\"https:\/\/marianamachuca.com\/it\/author\/mariana-machuca\/\"}]}<\/script>\n<!-- \/ Yoast SEO plugin. -->","yoast_head_json":{"title":"Guarire il rapporto con i nostri genitori ci rende liberi","description":"Mi aportaci\u00f3n en el cap\u00edtulo 7 del libro \u201cCON\u00d3CETE AQU\u00cd Y AHORA\u201d | General","robots":{"index":"index","follow":"follow","max-snippet":"max-snippet:-1","max-image-preview":"max-image-preview:large","max-video-preview":"max-video-preview:-1"},"canonical":"https:\/\/marianamachuca.com\/it\/sanar-la-relacion-con-nuestros-padres-nos-hace-libres\/","og_locale":"it_IT","og_type":"article","og_title":"Sanar la relaci\u00f3n con nuestros padres nos hace libres","og_description":"Mi aportaci\u00f3n en el cap\u00edtulo 7 del libro \u201cCON\u00d3CETE AQU\u00cd Y AHORA\u201d | General","og_url":"https:\/\/marianamachuca.com\/it\/sanar-la-relacion-con-nuestros-padres-nos-hace-libres\/","og_site_name":"Mariana Machuca","article_publisher":"https:\/\/www.facebook.com\/mariana.machuca.5","article_author":"https:\/\/www.facebook.com\/mariana.machuca.5","article_published_time":"2023-03-14T15:11:09+00:00","article_modified_time":"2026-04-15T10:35:59+00:00","og_image":[{"width":2560,"height":1707,"url":"https:\/\/marianamachuca.com\/wp-content\/uploads\/2022\/10\/Conocete-aqui-y-ahora-3D.png","type":"image\/png"}],"author":"Mariana Machuca","twitter_card":"summary_large_image","twitter_misc":{"Scritto da":"Mariana Machuca","Tempo di lettura stimato":"3 minuti"},"schema":{"@context":"https:\/\/schema.org","@graph":[{"@type":"Article","@id":"https:\/\/marianamachuca.com\/sanar-la-relacion-con-nuestros-padres-nos-hace-libres\/#article","isPartOf":{"@id":"https:\/\/marianamachuca.com\/sanar-la-relacion-con-nuestros-padres-nos-hace-libres\/"},"author":{"name":"Mariana Machuca","@id":"https:\/\/marianamachuca.com\/#\/schema\/person\/9fd0f10170d365fb591bb585b4bf9d73"},"headline":"Sanar la relaci\u00f3n con nuestros padres nos hace libres","datePublished":"2023-03-14T15:11:09+00:00","dateModified":"2026-04-15T10:35:59+00:00","mainEntityOfPage":{"@id":"https:\/\/marianamachuca.com\/sanar-la-relacion-con-nuestros-padres-nos-hace-libres\/"},"wordCount":554,"publisher":{"@id":"https:\/\/marianamachuca.com\/#organization"},"image":{"@id":"https:\/\/marianamachuca.com\/sanar-la-relacion-con-nuestros-padres-nos-hace-libres\/#primaryimage"},"thumbnailUrl":"https:\/\/marianamachuca.com\/wp-content\/uploads\/2022\/10\/Conocete-aqui-y-ahora-3D.png","articleSection":["General"],"inLanguage":"it-IT"},{"@type":"WebPage","@id":"https:\/\/marianamachuca.com\/sanar-la-relacion-con-nuestros-padres-nos-hace-libres\/","url":"https:\/\/marianamachuca.com\/sanar-la-relacion-con-nuestros-padres-nos-hace-libres\/","name":"Guarire il rapporto con i nostri genitori ci rende liberi","isPartOf":{"@id":"https:\/\/marianamachuca.com\/#website"},"primaryImageOfPage":{"@id":"https:\/\/marianamachuca.com\/sanar-la-relacion-con-nuestros-padres-nos-hace-libres\/#primaryimage"},"image":{"@id":"https:\/\/marianamachuca.com\/sanar-la-relacion-con-nuestros-padres-nos-hace-libres\/#primaryimage"},"thumbnailUrl":"https:\/\/marianamachuca.com\/wp-content\/uploads\/2022\/10\/Conocete-aqui-y-ahora-3D.png","datePublished":"2023-03-14T15:11:09+00:00","dateModified":"2026-04-15T10:35:59+00:00","description":"Mi aportaci\u00f3n en el cap\u00edtulo 7 del libro \u201cCON\u00d3CETE AQU\u00cd Y AHORA\u201d | General","breadcrumb":{"@id":"https:\/\/marianamachuca.com\/sanar-la-relacion-con-nuestros-padres-nos-hace-libres\/#breadcrumb"},"inLanguage":"it-IT","potentialAction":[{"@type":"ReadAction","target":["https:\/\/marianamachuca.com\/sanar-la-relacion-con-nuestros-padres-nos-hace-libres\/"]}]},{"@type":"ImageObject","inLanguage":"it-IT","@id":"https:\/\/marianamachuca.com\/sanar-la-relacion-con-nuestros-padres-nos-hace-libres\/#primaryimage","url":"https:\/\/marianamachuca.com\/wp-content\/uploads\/2022\/10\/Conocete-aqui-y-ahora-3D.png","contentUrl":"https:\/\/marianamachuca.com\/wp-content\/uploads\/2022\/10\/Conocete-aqui-y-ahora-3D.png","width":2560,"height":1707},{"@type":"BreadcrumbList","@id":"https:\/\/marianamachuca.com\/sanar-la-relacion-con-nuestros-padres-nos-hace-libres\/#breadcrumb","itemListElement":[{"@type":"ListItem","position":1,"name":"Portada","item":"https:\/\/marianamachuca.com\/"},{"@type":"ListItem","position":2,"name":"Sanar la relaci\u00f3n con nuestros padres nos hace libres"}]},{"@type":"WebSite","@id":"https:\/\/marianamachuca.com\/#website","url":"https:\/\/marianamachuca.com\/","name":"Mariana Machuca","description":"Gestalt \u2013 Constelaciones \u2013 Eneagrama","publisher":{"@id":"https:\/\/marianamachuca.com\/#organization"},"potentialAction":[{"@type":"SearchAction","target":{"@type":"EntryPoint","urlTemplate":"https:\/\/marianamachuca.com\/?s={search_term_string}"},"query-input":{"@type":"PropertyValueSpecification","valueRequired":true,"valueName":"search_term_string"}}],"inLanguage":"it-IT"},{"@type":"Organization","@id":"https:\/\/marianamachuca.com\/#organization","name":"MARIANA MACHUCA","url":"https:\/\/marianamachuca.com\/","logo":{"@type":"ImageObject","inLanguage":"it-IT","@id":"https:\/\/marianamachuca.com\/#\/schema\/logo\/image\/","url":"https:\/\/marianamachuca.com\/wp-content\/uploads\/2022\/09\/Mariana-machuca-1.jpg","contentUrl":"https:\/\/marianamachuca.com\/wp-content\/uploads\/2022\/09\/Mariana-machuca-1.jpg","width":940,"height":788,"caption":"MARIANA MACHUCA"},"image":{"@id":"https:\/\/marianamachuca.com\/#\/schema\/logo\/image\/"},"sameAs":["https:\/\/www.facebook.com\/mariana.machuca.5","https:\/\/www.instagram.com\/mariana_machuca_10\/","https:\/\/www.linkedin.com\/in\/mariana-machuca\/"]},{"@type":"Person","@id":"https:\/\/marianamachuca.com\/#\/schema\/person\/9fd0f10170d365fb591bb585b4bf9d73","name":"Mariana Machuca","image":{"@type":"ImageObject","inLanguage":"it-IT","@id":"https:\/\/marianamachuca.com\/#\/schema\/person\/image\/","url":"https:\/\/marianamachuca.com\/wp-content\/uploads\/2022\/09\/Mariana-machuca-2-96x96.jpg","contentUrl":"https:\/\/marianamachuca.com\/wp-content\/uploads\/2022\/09\/Mariana-machuca-2-96x96.jpg","caption":"Mariana Machuca"},"description":"Psic\u00f3loga Sanitaria N\u00ba col. 16.738. Trabajo como Psicoterapeuta desde 2005. Imparto talleres de Gestalt, Constelaciones y Eneagrama en Espa\u00f1a, Italia, Argentina y Chile.","sameAs":["https:\/\/marianamachuca.com\/","https:\/\/www.facebook.com\/mariana.machuca.5","https:\/\/www.instagram.com\/mariana_machuca_10\/"],"url":"https:\/\/marianamachuca.com\/it\/author\/mariana-machuca\/"}]}},"_links":{"self":[{"href":"https:\/\/marianamachuca.com\/it\/wp-json\/wp\/v2\/posts\/2397","targetHints":{"allow":["GET"]}}],"collection":[{"href":"https:\/\/marianamachuca.com\/it\/wp-json\/wp\/v2\/posts"}],"about":[{"href":"https:\/\/marianamachuca.com\/it\/wp-json\/wp\/v2\/types\/post"}],"author":[{"embeddable":true,"href":"https:\/\/marianamachuca.com\/it\/wp-json\/wp\/v2\/users\/3"}],"replies":[{"embeddable":true,"href":"https:\/\/marianamachuca.com\/it\/wp-json\/wp\/v2\/comments?post=2397"}],"version-history":[{"count":9,"href":"https:\/\/marianamachuca.com\/it\/wp-json\/wp\/v2\/posts\/2397\/revisions"}],"predecessor-version":[{"id":3273,"href":"https:\/\/marianamachuca.com\/it\/wp-json\/wp\/v2\/posts\/2397\/revisions\/3273"}],"wp:featuredmedia":[{"embeddable":true,"href":"https:\/\/marianamachuca.com\/it\/wp-json\/wp\/v2\/media\/2221"}],"wp:attachment":[{"href":"https:\/\/marianamachuca.com\/it\/wp-json\/wp\/v2\/media?parent=2397"}],"wp:term":[{"taxonomy":"category","embeddable":true,"href":"https:\/\/marianamachuca.com\/it\/wp-json\/wp\/v2\/categories?post=2397"},{"taxonomy":"post_tag","embeddable":true,"href":"https:\/\/marianamachuca.com\/it\/wp-json\/wp\/v2\/tags?post=2397"}],"curies":[{"name":"wp","href":"https:\/\/api.w.org\/{rel}","templated":true}]}}